{"id":853,"date":"2008-11-13T17:00:31","date_gmt":"2008-11-13T16:00:31","guid":{"rendered":"http:\/\/www.photoethistoire.eu\/14-18\/?p=853"},"modified":"2016-05-20T09:07:10","modified_gmt":"2016-05-20T08:07:10","slug":"1918-2018-90e-anniversaire-de-larmistice","status":"publish","type":"post","link":"https:\/\/www.photoethistoire.eu\/14-18\/2008\/11\/1918-2018-90e-anniversaire-de-larmistice\/","title":{"rendered":"1918-2018 90e anniversaire de l&rsquo;Armistice"},"content":{"rendered":"<p>Ce 11 novembre 2008, \u00e0 l&rsquo;\u00e9cart des c\u00e9r\u00e9monies officielles et loin des discours politiques, en Normandie le village d&rsquo;Avremesnil s&rsquo;est souvenu.<\/p>\n<p>Cette comm\u00e9moration du 90e anniversaire de la fin de la premi\u00e8re guerre, c&rsquo;est dans le village natal de l&rsquo;a\u00efeul que nous avons tenu \u00e0 la vivre. Sur sa terre et pour honorer la m\u00e9moire de tous les jeunes Avremesnilais comme lui trop t\u00f4t disparus.<\/p>\n<div class=\"image_block\"><img loading=\"lazy\" decoding=\"async\" class=\"aligncenter\" title=\"\" src=\"http:\/\/www.photoethistoire.eu\/blogs\/media\/blogs\/a\/avremesnil1.jpg\" alt=\"\" width=\"600\" height=\"400\" \/><\/div>\n<p>Ici ni clairons, ni tambours pour accompagner la c\u00e9r\u00e9monie du souvenir. Notre fanfare \u00e0 nous c&rsquo;\u00e9tait la voix des enfants qui, parfois dans une joyeuse pagaille, suivaient ou guidaient leurs a\u00een\u00e9s vers les tombes des soldats inhum\u00e9s dans le cimeti\u00e8re blotti autour de l&rsquo;\u00e9glise. Sur chacune d&rsquo;elles, en compagnie de Monsieur le Maire, ils ont d\u00e9pos\u00e9 un petit bouquet de fleurs.<\/p>\n<div class=\"image_block\"><img loading=\"lazy\" decoding=\"async\" class=\"aligncenter\" title=\"\" src=\"http:\/\/www.photoethistoire.eu\/blogs\/media\/blogs\/a\/avremesnil2.jpg\" alt=\"\" width=\"600\" height=\"400\" \/><\/div>\n<p>Un peu \u00e9parpill\u00e9s parmi les tombes nous nous sommes ensuite tourn\u00e9s vers le monument aux morts et seule l&rsquo;\u00e9vocation du nom de chaque soldat a bris\u00e9 le silence respectueux. Apr\u00e8s la minute de silence, on a lu les discours officiels, puis les enfants ont entonn\u00e9 une timide mais belle Marseillaise.<\/p>\n<div class=\"image_block\"><img loading=\"lazy\" decoding=\"async\" class=\"aligncenter\" title=\"\" src=\"http:\/\/www.photoethistoire.eu\/blogs\/media\/blogs\/a\/avremesnil3.jpg\" alt=\"\" width=\"600\" height=\"400\" \/><\/div>\n<p>Le ciel, qui nous avaient presque \u00e9pargn\u00e9s jusqu&rsquo;alors, a ouvert les vannes au grand dam d&rsquo;un des petits qui fit la r\u00e9flexion suivante : \u00ab\u00a0Voil\u00e0 on a chant\u00e9 et maintenant il pleut!\u00a0\u00bb. Trop mignon !<\/p>\n<p>Faisant fi de la pluie, la petite foule s&rsquo;est rendue l&rsquo;invitation de Monsieur le Maire pour le traditionnel verre de l&rsquo;amiti\u00e9 Dans les locaux de la petite mairie il fut aussi proc\u00e9d\u00e9 \u00e0 la remise d&rsquo;une d\u00e9coration \u00e0 un v\u00e9t\u00e9ran de la guerre d&rsquo;Alg\u00e9rie.<\/p>\n<p>Nous avons beaucoup aim\u00e9 la c\u00e9r\u00e9monie d&rsquo;Avremesnil, non seulement pour des raisons personnelles, mais aussi parce cette comm\u00e9moration simple, presque familiale, \u00e9tait noble dans son \u00e9vocation du souvenir.<\/p>\n<p>De l\u00e0 o\u00f9 ils sont, ils ont d\u00fb \u00eatre contents nos soldats de voir qu&rsquo;ils ne sont pas pr\u00eats d&rsquo;\u00eatre oubli\u00e9s et, pour d\u00e9mentir Roland Dorgel\u00e8s, ce n&rsquo;est pas demain, qu&rsquo;ici, ils mourront pour la deuxi\u00e8me fois!<\/p>\n","protected":false},"excerpt":{"rendered":"<p>Ce 11 novembre 2008, \u00e0 l&rsquo;\u00e9cart des c\u00e9r\u00e9monies officielles et loin des discours politiques, en Normandie le village d&rsquo;Avremesnil s&rsquo;est souvenu. Cette comm\u00e9moration du 90e anniversaire de la fin de la premi\u00e8re guerre, c&rsquo;est dans le village natal de l&rsquo;a\u00efeul &hellip; <a href=\"https:\/\/www.photoethistoire.eu\/14-18\/2008\/11\/1918-2018-90e-anniversaire-de-larmistice\/\">Lire la suite <span class=\"meta-nav\">&rarr;<\/span><\/a><\/p>\n","protected":false},"author":1,"featured_media":0,"comment_status":"closed","ping_status":"open","sticky":false,"template":"","format":"standard","meta":{"footnotes":""},"categories":[41],"tags":[],"class_list":["post-853","post","type-post","status-publish","format-standard","hentry","category-avremesnil"],"_links":{"self":[{"href":"https:\/\/www.photoethistoire.eu\/14-18\/wp-json\/wp\/v2\/posts\/853","targetHints":{"allow":["GET"]}}],"collection":[{"href":"https:\/\/www.photoethistoire.eu\/14-18\/wp-json\/wp\/v2\/posts"}],"about":[{"href":"https:\/\/www.photoethistoire.eu\/14-18\/wp-json\/wp\/v2\/types\/post"}],"author":[{"embeddable":true,"href":"https:\/\/www.photoethistoire.eu\/14-18\/wp-json\/wp\/v2\/users\/1"}],"replies":[{"embeddable":true,"href":"https:\/\/www.photoethistoire.eu\/14-18\/wp-json\/wp\/v2\/comments?post=853"}],"version-history":[{"count":2,"href":"https:\/\/www.photoethistoire.eu\/14-18\/wp-json\/wp\/v2\/posts\/853\/revisions"}],"predecessor-version":[{"id":855,"href":"https:\/\/www.photoethistoire.eu\/14-18\/wp-json\/wp\/v2\/posts\/853\/revisions\/855"}],"wp:attachment":[{"href":"https:\/\/www.photoethistoire.eu\/14-18\/wp-json\/wp\/v2\/media?parent=853"}],"wp:term":[{"taxonomy":"category","embeddable":true,"href":"https:\/\/www.photoethistoire.eu\/14-18\/wp-json\/wp\/v2\/categories?post=853"},{"taxonomy":"post_tag","embeddable":true,"href":"https:\/\/www.photoethistoire.eu\/14-18\/wp-json\/wp\/v2\/tags?post=853"}],"curies":[{"name":"wp","href":"https:\/\/api.w.org\/{rel}","templated":true}]}}