{"id":86,"date":"2014-11-19T11:22:36","date_gmt":"2014-11-19T10:22:36","guid":{"rendered":"http:\/\/www.photoethistoire.eu\/14-18\/?p=86"},"modified":"2016-05-20T09:01:29","modified_gmt":"2016-05-20T08:01:29","slug":"joseph-jean-algret","status":"publish","type":"post","link":"https:\/\/www.photoethistoire.eu\/14-18\/2014\/11\/joseph-jean-algret\/","title":{"rendered":"Joseph, Jean ALGRET"},"content":{"rendered":"<p>Ce jeune soldat est n\u00e9 en d\u00e9cembre 1884 \u00e0 Saint-Amand-Montrond dans le Cher. Il a \u00e9t\u00e9 tu\u00e9 aux environs du 10 octobre 1918 <i>(1)<\/i>, \u00e0 Sainte-Marie \u00e0 Py (Marne).<\/p>\n<p>Venant du 95e R\u00e9giment d&rsquo;infanterie, il avait de rejoint les rangs du 403e en juin 1918. A \u00e9t\u00e9 cit\u00e9 \u00e0 l&rsquo;ordre du r\u00e9giment en ces termes :<\/p>\n<p><i><b>\u00ab\u00a0Bon soldat, le 9 juin 1918, apr\u00e8s avoir rejoint nos lignes \u00e0 travers un violent bombardement, s&rsquo;est mis spontan\u00e9ment \u00e0 la disposition d&rsquo;une section d&rsquo;un bataillon voisin pour la d\u00e9fense de la sortie d&rsquo;un village occup\u00e9 par l&rsquo;ennemi \u00ab\u00a0<\/b><\/i> <i>(2)<\/i><\/p>\n<p>D\u00e9cor\u00e9 de la Croix de guerre avec \u00e9toile de bronze.<\/p>\n<p><i>(1) Par jugement du tribunal la date de son d\u00e9c\u00e8s est fix\u00e9e au 3 octobre<\/i><br \/>\n<i>(2) Source de la citation : Archives d\u00e9partementales du Cher<\/i><\/p>\n","protected":false},"excerpt":{"rendered":"<p>Ce jeune soldat est n\u00e9 en d\u00e9cembre 1884 \u00e0 Saint-Amand-Montrond dans le Cher. Il a \u00e9t\u00e9 tu\u00e9 aux environs du 10 octobre 1918 (1), \u00e0 Sainte-Marie \u00e0 Py (Marne). Venant du 95e R\u00e9giment d&rsquo;infanterie, il avait de rejoint les rangs &hellip; <a href=\"https:\/\/www.photoethistoire.eu\/14-18\/2014\/11\/joseph-jean-algret\/\">Lire la suite <span class=\"meta-nav\">&rarr;<\/span><\/a><\/p>\n","protected":false},"author":1,"featured_media":0,"comment_status":"closed","ping_status":"open","sticky":false,"template":"","format":"standard","meta":{"footnotes":""},"categories":[20],"tags":[],"class_list":["post-86","post","type-post","status-publish","format-standard","hentry","category-cita"],"_links":{"self":[{"href":"https:\/\/www.photoethistoire.eu\/14-18\/wp-json\/wp\/v2\/posts\/86","targetHints":{"allow":["GET"]}}],"collection":[{"href":"https:\/\/www.photoethistoire.eu\/14-18\/wp-json\/wp\/v2\/posts"}],"about":[{"href":"https:\/\/www.photoethistoire.eu\/14-18\/wp-json\/wp\/v2\/types\/post"}],"author":[{"embeddable":true,"href":"https:\/\/www.photoethistoire.eu\/14-18\/wp-json\/wp\/v2\/users\/1"}],"replies":[{"embeddable":true,"href":"https:\/\/www.photoethistoire.eu\/14-18\/wp-json\/wp\/v2\/comments?post=86"}],"version-history":[{"count":1,"href":"https:\/\/www.photoethistoire.eu\/14-18\/wp-json\/wp\/v2\/posts\/86\/revisions"}],"predecessor-version":[{"id":87,"href":"https:\/\/www.photoethistoire.eu\/14-18\/wp-json\/wp\/v2\/posts\/86\/revisions\/87"}],"wp:attachment":[{"href":"https:\/\/www.photoethistoire.eu\/14-18\/wp-json\/wp\/v2\/media?parent=86"}],"wp:term":[{"taxonomy":"category","embeddable":true,"href":"https:\/\/www.photoethistoire.eu\/14-18\/wp-json\/wp\/v2\/categories?post=86"},{"taxonomy":"post_tag","embeddable":true,"href":"https:\/\/www.photoethistoire.eu\/14-18\/wp-json\/wp\/v2\/tags?post=86"}],"curies":[{"name":"wp","href":"https:\/\/api.w.org\/{rel}","templated":true}]}}