{"id":862,"date":"2008-10-17T17:09:46","date_gmt":"2008-10-17T16:09:46","guid":{"rendered":"http:\/\/www.photoethistoire.eu\/14-18\/?p=862"},"modified":"2016-05-20T09:07:32","modified_gmt":"2016-05-20T08:07:32","slug":"erches-somme","status":"publish","type":"post","link":"https:\/\/www.photoethistoire.eu\/14-18\/2008\/10\/erches-somme\/","title":{"rendered":"Erches (Somme)"},"content":{"rendered":"<div class=\"image_block\" style=\"text-align: center;\"><img loading=\"lazy\" decoding=\"async\" class=\"aligncenter\" title=\"\" src=\"http:\/\/www.photoethistoire.eu\/blogs\/media\/blogs\/a\/cartesphotos\/erches-somme.jpg\" alt=\"\" width=\"600\" height=\"400\" \/><br \/>\nEmouvante carte \u00e9crite depuis les tranch\u00e9es en f\u00e9vrier 1915 et sur laquelle le soldat a coll\u00e9 quelques fleurs<\/div>\n<div class=\"image_block\"><\/div>\n<p><em>Dimanche le 28 fevrie 1915<\/em><\/p>\n<p><em>Chere fame et Chere Marie<\/em><\/p>\n<p><em>Je te dire que je sui toujour en bone sante et je d\u00e9sire que vous en soye de meme je profite dun maumant que je sui de garde pour vous raconte ma misere sat comanse a etre bien lon sent pouvoir vous voire sat comanse a &#8230;&#8230;.peur qun de ses jour on nous fasse un asot nous avons de &#8230;&#8230;qui vient avec nous et nous some en premier ligne nous serons aublije de marche comme les jeunes nous avons encore 5 jour afaire avant que nous soyons releve. Chere fame sat &#8230;.un sale temps pour le maumant sat gele et la plui je te dire que je vaudre bien etre aupre de toie pour pouvoire vous raconte les misere qui regne pour le maument enfin pren du courage quan amoie je faie tou mon posible tu embrasera bien la mari pour Moi. Je fini en tenbrasant bien for ton home qui&#8230;&#8230;.<\/em><\/p>\n<p><em>Jete di Adieu<\/em><\/p>\n<p><em>Toinou<\/em><\/p>\n<p>Dans le haut de la carte le soldat a ajout\u00e9 :<\/p>\n<p><em>tu verat come le cloche et bien coupe<\/em><\/p>\n<hr \/>\n<p>Petit rappel en ce qui concerne la retranscription des cartes:<\/p>\n<p>Par respect pour ceux qui les ont \u00e9crites il n&rsquo;est jamais proc\u00e9d\u00e9, ni \u00e0 une correction orthographique, ni \u00e0 une interpr\u00e9tation quelconque du texte et les parties illisibles sont remplac\u00e9es par des pointill\u00e9s.<\/p>\n<p>Enfin il faut savoir pour en \u00e9crire le plus possible sur la petite surface qu&rsquo;offraient les cartes, le texte \u00e9tait le plus souvent \u00e9crit en continu et les soldats ne se pr\u00e9occupaient pas toujours de la ponctuation.<\/p>\n<hr \/>\n<p>&nbsp;<\/p>\n","protected":false},"excerpt":{"rendered":"<p>Emouvante carte \u00e9crite depuis les tranch\u00e9es en f\u00e9vrier 1915 et sur laquelle le soldat a coll\u00e9 quelques fleurs Dimanche le 28 fevrie 1915 Chere fame et Chere Marie Je te dire que je sui toujour en bone sante et je &hellip; <a href=\"https:\/\/www.photoethistoire.eu\/14-18\/2008\/10\/erches-somme\/\">Lire la suite <span class=\"meta-nav\">&rarr;<\/span><\/a><\/p>\n","protected":false},"author":1,"featured_media":0,"comment_status":"closed","ping_status":"open","sticky":false,"template":"","format":"standard","meta":{"footnotes":""},"categories":[19],"tags":[],"class_list":["post-862","post","type-post","status-publish","format-standard","hentry","category-cartes"],"_links":{"self":[{"href":"https:\/\/www.photoethistoire.eu\/14-18\/wp-json\/wp\/v2\/posts\/862","targetHints":{"allow":["GET"]}}],"collection":[{"href":"https:\/\/www.photoethistoire.eu\/14-18\/wp-json\/wp\/v2\/posts"}],"about":[{"href":"https:\/\/www.photoethistoire.eu\/14-18\/wp-json\/wp\/v2\/types\/post"}],"author":[{"embeddable":true,"href":"https:\/\/www.photoethistoire.eu\/14-18\/wp-json\/wp\/v2\/users\/1"}],"replies":[{"embeddable":true,"href":"https:\/\/www.photoethistoire.eu\/14-18\/wp-json\/wp\/v2\/comments?post=862"}],"version-history":[{"count":8,"href":"https:\/\/www.photoethistoire.eu\/14-18\/wp-json\/wp\/v2\/posts\/862\/revisions"}],"predecessor-version":[{"id":1215,"href":"https:\/\/www.photoethistoire.eu\/14-18\/wp-json\/wp\/v2\/posts\/862\/revisions\/1215"}],"wp:attachment":[{"href":"https:\/\/www.photoethistoire.eu\/14-18\/wp-json\/wp\/v2\/media?parent=862"}],"wp:term":[{"taxonomy":"category","embeddable":true,"href":"https:\/\/www.photoethistoire.eu\/14-18\/wp-json\/wp\/v2\/categories?post=862"},{"taxonomy":"post_tag","embeddable":true,"href":"https:\/\/www.photoethistoire.eu\/14-18\/wp-json\/wp\/v2\/tags?post=862"}],"curies":[{"name":"wp","href":"https:\/\/api.w.org\/{rel}","templated":true}]}}