{"id":88,"date":"2014-11-15T18:04:17","date_gmt":"2014-11-15T17:04:17","guid":{"rendered":"http:\/\/www.photoethistoire.eu\/14-18\/?p=88"},"modified":"2016-05-20T09:01:29","modified_gmt":"2016-05-20T08:01:29","slug":"charles-jules-gatien-danthon","status":"publish","type":"post","link":"https:\/\/www.photoethistoire.eu\/14-18\/2014\/11\/charles-jules-gatien-danthon\/","title":{"rendered":"Charles, Jules, Gatien DANTHON"},"content":{"rendered":"<p>Ce soldat, n\u00e9 \u00e0 Rouen le 16 novembre 1890, a \u00e9t\u00e9 tu\u00e9 le 16 avril 1917 dans le secteur de Reims (voie ferr\u00e9e de Laon). Il servait au 119e avant de rejoindre les rangs du 403e en mars 1915. Il a \u00e9t\u00e9 cit\u00e9 \u00e0 l&rsquo;ordre du r\u00e9giment en ces termes :<\/p>\n<p><i><b>\u00ab\u00a0Excellent soldat pionnier, particuli\u00e8rement \u00e9nergique et courageux les 16 et 17 avril sous un tr\u00e8s violent bombardement, s&rsquo;est d\u00e9pens\u00e9 sans compter pour assurer le ravitaillement en munitions des unit\u00e9s qui s&rsquo;\u00e9taient empar\u00e9es des 1\u00e8res lignes ennemies. A \u00e9t\u00e9 tu\u00e9 en remplissant sa mission.\u00a0\u00bb<\/b><\/i><\/p>\n<p>Il a \u00e9t\u00e9 d\u00e9cor\u00e9 de la Croix de guerre avec \u00e9toile de bronze.<\/p>\n<p><i>Source : Archives d\u00e9partementales de Seine-Maritime17<\/i><\/p>\n","protected":false},"excerpt":{"rendered":"<p>Ce soldat, n\u00e9 \u00e0 Rouen le 16 novembre 1890, a \u00e9t\u00e9 tu\u00e9 le 16 avril 1917 dans le secteur de Reims (voie ferr\u00e9e de Laon). Il servait au 119e avant de rejoindre les rangs du 403e en mars 1915. Il &hellip; <a href=\"https:\/\/www.photoethistoire.eu\/14-18\/2014\/11\/charles-jules-gatien-danthon\/\">Lire la suite <span class=\"meta-nav\">&rarr;<\/span><\/a><\/p>\n","protected":false},"author":1,"featured_media":0,"comment_status":"closed","ping_status":"open","sticky":false,"template":"","format":"standard","meta":{"footnotes":""},"categories":[20],"tags":[],"class_list":["post-88","post","type-post","status-publish","format-standard","hentry","category-cita"],"_links":{"self":[{"href":"https:\/\/www.photoethistoire.eu\/14-18\/wp-json\/wp\/v2\/posts\/88","targetHints":{"allow":["GET"]}}],"collection":[{"href":"https:\/\/www.photoethistoire.eu\/14-18\/wp-json\/wp\/v2\/posts"}],"about":[{"href":"https:\/\/www.photoethistoire.eu\/14-18\/wp-json\/wp\/v2\/types\/post"}],"author":[{"embeddable":true,"href":"https:\/\/www.photoethistoire.eu\/14-18\/wp-json\/wp\/v2\/users\/1"}],"replies":[{"embeddable":true,"href":"https:\/\/www.photoethistoire.eu\/14-18\/wp-json\/wp\/v2\/comments?post=88"}],"version-history":[{"count":1,"href":"https:\/\/www.photoethistoire.eu\/14-18\/wp-json\/wp\/v2\/posts\/88\/revisions"}],"predecessor-version":[{"id":89,"href":"https:\/\/www.photoethistoire.eu\/14-18\/wp-json\/wp\/v2\/posts\/88\/revisions\/89"}],"wp:attachment":[{"href":"https:\/\/www.photoethistoire.eu\/14-18\/wp-json\/wp\/v2\/media?parent=88"}],"wp:term":[{"taxonomy":"category","embeddable":true,"href":"https:\/\/www.photoethistoire.eu\/14-18\/wp-json\/wp\/v2\/categories?post=88"},{"taxonomy":"post_tag","embeddable":true,"href":"https:\/\/www.photoethistoire.eu\/14-18\/wp-json\/wp\/v2\/tags?post=88"}],"curies":[{"name":"wp","href":"https:\/\/api.w.org\/{rel}","templated":true}]}}