{"id":904,"date":"2008-09-08T17:48:21","date_gmt":"2008-09-08T16:48:21","guid":{"rendered":"http:\/\/www.photoethistoire.eu\/14-18\/?p=904"},"modified":"2025-10-30T16:58:43","modified_gmt":"2025-10-30T15:58:43","slug":"en-memoire-de-mon-frere","status":"publish","type":"post","link":"https:\/\/www.photoethistoire.eu\/14-18\/2008\/09\/en-memoire-de-mon-frere\/","title":{"rendered":"En m\u00e9moire de mon fr\u00e8re"},"content":{"rendered":"<p>Certes il n&rsquo;a pas connu la guerre mais il est mort, comme on dit, \u00ab\u00a0en service command\u00e9\u00a0\u00bb. M\u00eame si ce fut dans des circonstances accidentelles, plusieurs de ses fr\u00e8res d&rsquo;armes m&rsquo;ont affirm\u00e9 que c&rsquo;\u00e9tait pour aider un de ses compagnons en difficult\u00e9 qu&rsquo;il serait redescendu alors que lui-m\u00eame en avait termin\u00e9 avec l&rsquo;exercice d&rsquo;escalade qu&rsquo;ils effectuaient au barrage de Robertville.<\/p>\n<p>Ce n&rsquo;\u00e9tait pas un \u00ab\u00a0va-t-en-guerre\u00a0\u00bb mais, dans l&rsquo;esprit de ses anciens, il voulait simplement servir son pays. Et parce qu&rsquo;\u00e0 travers son don d&rsquo;organes, sa mort a aussi permis \u00e0 un autre de vivre, je pense qu&rsquo;il m\u00e9rite de figurer ici.<\/p>\n<div class=\"image_block\"><\/div>\n<p><img loading=\"lazy\" decoding=\"async\" class=\"aligncenter\" src=\"http:\/\/www.photoethistoire.eu\/blogs\/media\/blogs\/a\/Marc.jpg\" alt=\"\" width=\"314\" height=\"400\" \/><\/p>\n<div class=\"image_block\" style=\"text-align: center;\"><strong>Sergent Marc SIMON 1956-1977<\/strong><\/div>\n<div class=\"image_block\" style=\"text-align: center;\"><strong>Compagnie Ecole Para-Commando de Flawinne<\/strong><\/div>\n<div class=\"image_block\" style=\"text-align: center;\">\n<p><strong><strong>Chevalier de l&rsquo;Ordre de L\u00e9opold II \u00e0 titre posthume<\/strong><\/strong><\/p>\n<hr \/>\n<\/div>\n<p>Un don d&rsquo;organe peut sauver une vie, dites oui au don d&rsquo;organe !\u00a0<strong><a href=\"https:\/\/www.health.belgium.be\/fr\/sante\/prenez-soin-de-vous\/debut-et-fin-de-vie\/don-dorganes\">Belgique<\/a><\/strong> &#8211; <strong><a href=\"http:\/\/www.france-adot.org\/\" target=\"_blank\" rel=\"noopener\">France<\/a><\/strong><\/p>\n<hr \/>\n<p>&nbsp;<\/p>\n","protected":false},"excerpt":{"rendered":"<p>Certes il n&rsquo;a pas connu la guerre mais il est mort, comme on dit, \u00ab\u00a0en service command\u00e9\u00a0\u00bb. M\u00eame si ce fut dans des circonstances accidentelles, plusieurs de ses fr\u00e8res d&rsquo;armes m&rsquo;ont affirm\u00e9 que c&rsquo;\u00e9tait pour aider un de ses compagnons &hellip; <a href=\"https:\/\/www.photoethistoire.eu\/14-18\/2008\/09\/en-memoire-de-mon-frere\/\">Lire la suite <span class=\"meta-nav\">&rarr;<\/span><\/a><\/p>\n","protected":false},"author":1,"featured_media":0,"comment_status":"closed","ping_status":"open","sticky":false,"template":"","format":"standard","meta":{"footnotes":""},"categories":[25],"tags":[],"class_list":["post-904","post","type-post","status-publish","format-standard","hentry","category-notres"],"_links":{"self":[{"href":"https:\/\/www.photoethistoire.eu\/14-18\/wp-json\/wp\/v2\/posts\/904","targetHints":{"allow":["GET"]}}],"collection":[{"href":"https:\/\/www.photoethistoire.eu\/14-18\/wp-json\/wp\/v2\/posts"}],"about":[{"href":"https:\/\/www.photoethistoire.eu\/14-18\/wp-json\/wp\/v2\/types\/post"}],"author":[{"embeddable":true,"href":"https:\/\/www.photoethistoire.eu\/14-18\/wp-json\/wp\/v2\/users\/1"}],"replies":[{"embeddable":true,"href":"https:\/\/www.photoethistoire.eu\/14-18\/wp-json\/wp\/v2\/comments?post=904"}],"version-history":[{"count":3,"href":"https:\/\/www.photoethistoire.eu\/14-18\/wp-json\/wp\/v2\/posts\/904\/revisions"}],"predecessor-version":[{"id":1970,"href":"https:\/\/www.photoethistoire.eu\/14-18\/wp-json\/wp\/v2\/posts\/904\/revisions\/1970"}],"wp:attachment":[{"href":"https:\/\/www.photoethistoire.eu\/14-18\/wp-json\/wp\/v2\/media?parent=904"}],"wp:term":[{"taxonomy":"category","embeddable":true,"href":"https:\/\/www.photoethistoire.eu\/14-18\/wp-json\/wp\/v2\/categories?post=904"},{"taxonomy":"post_tag","embeddable":true,"href":"https:\/\/www.photoethistoire.eu\/14-18\/wp-json\/wp\/v2\/tags?post=904"}],"curies":[{"name":"wp","href":"https:\/\/api.w.org\/{rel}","templated":true}]}}