{"id":907,"date":"2008-09-11T17:52:36","date_gmt":"2008-09-11T16:52:36","guid":{"rendered":"http:\/\/www.photoethistoire.eu\/14-18\/?p=907"},"modified":"2016-05-20T09:07:32","modified_gmt":"2016-05-20T08:07:32","slug":"langemark-b","status":"publish","type":"post","link":"https:\/\/www.photoethistoire.eu\/14-18\/2008\/09\/langemark-b\/","title":{"rendered":"Langemark (B)"},"content":{"rendered":"<div class=\"image_block\">\n<div class=\"image_block\"><img loading=\"lazy\" decoding=\"async\" title=\"\" src=\"http:\/\/www.photoethistoire.eu\/blogs\/media\/blogs\/a\/langemark.jpg\" alt=\"\" width=\"600\" height=\"400\" \/><\/p>\n<p>44.061 soldats allemands sont inhum\u00e9s ici dont beaucoup n&rsquo;ont pas pu \u00eatre identifi\u00e9s<\/p>\n<\/div>\n<div class=\"image_block\"><img loading=\"lazy\" decoding=\"async\" title=\"\" src=\"http:\/\/www.photoethistoire.eu\/blogs\/media\/blogs\/a\/langemark2.jpg\" alt=\"\" width=\"600\" height=\"400\" \/><\/div>\n<p><em>Situation: \u00e0 9km au Nord d&rsquo;Ypres<\/em><\/p>\n<\/div>\n","protected":false},"excerpt":{"rendered":"<p>44.061 soldats allemands sont inhum\u00e9s ici dont beaucoup n&rsquo;ont pas pu \u00eatre identifi\u00e9s Situation: \u00e0 9km au Nord d&rsquo;Ypres<\/p>\n","protected":false},"author":1,"featured_media":0,"comment_status":"closed","ping_status":"open","sticky":false,"template":"","format":"standard","meta":{"footnotes":""},"categories":[21],"tags":[],"class_list":["post-907","post","type-post","status-publish","format-standard","hentry","category-necropo"],"_links":{"self":[{"href":"https:\/\/www.photoethistoire.eu\/14-18\/wp-json\/wp\/v2\/posts\/907","targetHints":{"allow":["GET"]}}],"collection":[{"href":"https:\/\/www.photoethistoire.eu\/14-18\/wp-json\/wp\/v2\/posts"}],"about":[{"href":"https:\/\/www.photoethistoire.eu\/14-18\/wp-json\/wp\/v2\/types\/post"}],"author":[{"embeddable":true,"href":"https:\/\/www.photoethistoire.eu\/14-18\/wp-json\/wp\/v2\/users\/1"}],"replies":[{"embeddable":true,"href":"https:\/\/www.photoethistoire.eu\/14-18\/wp-json\/wp\/v2\/comments?post=907"}],"version-history":[{"count":1,"href":"https:\/\/www.photoethistoire.eu\/14-18\/wp-json\/wp\/v2\/posts\/907\/revisions"}],"predecessor-version":[{"id":908,"href":"https:\/\/www.photoethistoire.eu\/14-18\/wp-json\/wp\/v2\/posts\/907\/revisions\/908"}],"wp:attachment":[{"href":"https:\/\/www.photoethistoire.eu\/14-18\/wp-json\/wp\/v2\/media?parent=907"}],"wp:term":[{"taxonomy":"category","embeddable":true,"href":"https:\/\/www.photoethistoire.eu\/14-18\/wp-json\/wp\/v2\/categories?post=907"},{"taxonomy":"post_tag","embeddable":true,"href":"https:\/\/www.photoethistoire.eu\/14-18\/wp-json\/wp\/v2\/tags?post=907"}],"curies":[{"name":"wp","href":"https:\/\/api.w.org\/{rel}","templated":true}]}}