{"id":954,"date":"2008-07-14T16:40:32","date_gmt":"2008-07-14T15:40:32","guid":{"rendered":"http:\/\/www.photoethistoire.eu\/14-18\/?p=954"},"modified":"2016-05-20T09:07:52","modified_gmt":"2016-05-20T08:07:52","slug":"jozef-van-der-linden","status":"publish","type":"post","link":"https:\/\/www.photoethistoire.eu\/14-18\/2008\/07\/jozef-van-der-linden\/","title":{"rendered":"Jozef VAN DER LINDEN"},"content":{"rendered":"<p align=\"center\">Un des nombreux et courageux compatriotes du Nord du pays<\/p>\n<div class=\"image_block\"><img loading=\"lazy\" decoding=\"async\" class=\"aligncenter\" title=\"\" src=\"http:\/\/www.photoethistoire.eu\/blogs\/media\/blogs\/a\/vanderlinden1.jpg\" alt=\"\" width=\"354\" height=\"500\" \/><\/div>\n<p style=\"text-align: center;\" align=\"center\"><em><strong>Jozef Frans Lodewijk<br \/>\nVAN DER LINDEN <\/strong><\/em><\/p>\n<p style=\"text-align: center;\"><em>Lid van de weerstandsgroepeering \u00ab\u00a0FIDELIO\u00a0\u00bb<\/em><br \/>\n<em>Geboren te Antwerpen op 14 juli 1919<\/em><br \/>\n<em>Overleden in het Concentratiekamp te Hersbruck-Flossenb\u00fcrg op 21 Februari 1945<\/em><\/p>\n<p style=\"text-align: center;\"><em>Membre du groupe de r\u00e9sistance \u00ab\u00a0FIDELIO\u00a0\u00bb<\/em><br \/>\n<em>N\u00e9 \u00e0 Anvers le 14 juillet 1919<\/em><br \/>\n<em>D\u00e9c\u00e9d\u00e9 au camp de concentration de Hersbruck-Flossenb\u00fcrg le 21 f\u00e9vrier 1945<\/em><\/p>\n","protected":false},"excerpt":{"rendered":"<p>Un des nombreux et courageux compatriotes du Nord du pays Jozef Frans Lodewijk VAN DER LINDEN Lid van de weerstandsgroepeering \u00ab\u00a0FIDELIO\u00a0\u00bb Geboren te Antwerpen op 14 juli 1919 Overleden in het Concentratiekamp te Hersbruck-Flossenb\u00fcrg op 21 Februari 1945 Membre du &hellip; <a href=\"https:\/\/www.photoethistoire.eu\/14-18\/2008\/07\/jozef-van-der-linden\/\">Lire la suite <span class=\"meta-nav\">&rarr;<\/span><\/a><\/p>\n","protected":false},"author":1,"featured_media":0,"comment_status":"closed","ping_status":"open","sticky":false,"template":"","format":"standard","meta":{"footnotes":""},"categories":[24],"tags":[],"class_list":["post-954","post","type-post","status-publish","format-standard","hentry","category-histo"],"_links":{"self":[{"href":"https:\/\/www.photoethistoire.eu\/14-18\/wp-json\/wp\/v2\/posts\/954","targetHints":{"allow":["GET"]}}],"collection":[{"href":"https:\/\/www.photoethistoire.eu\/14-18\/wp-json\/wp\/v2\/posts"}],"about":[{"href":"https:\/\/www.photoethistoire.eu\/14-18\/wp-json\/wp\/v2\/types\/post"}],"author":[{"embeddable":true,"href":"https:\/\/www.photoethistoire.eu\/14-18\/wp-json\/wp\/v2\/users\/1"}],"replies":[{"embeddable":true,"href":"https:\/\/www.photoethistoire.eu\/14-18\/wp-json\/wp\/v2\/comments?post=954"}],"version-history":[{"count":5,"href":"https:\/\/www.photoethistoire.eu\/14-18\/wp-json\/wp\/v2\/posts\/954\/revisions"}],"predecessor-version":[{"id":959,"href":"https:\/\/www.photoethistoire.eu\/14-18\/wp-json\/wp\/v2\/posts\/954\/revisions\/959"}],"wp:attachment":[{"href":"https:\/\/www.photoethistoire.eu\/14-18\/wp-json\/wp\/v2\/media?parent=954"}],"wp:term":[{"taxonomy":"category","embeddable":true,"href":"https:\/\/www.photoethistoire.eu\/14-18\/wp-json\/wp\/v2\/categories?post=954"},{"taxonomy":"post_tag","embeddable":true,"href":"https:\/\/www.photoethistoire.eu\/14-18\/wp-json\/wp\/v2\/tags?post=954"}],"curies":[{"name":"wp","href":"https:\/\/api.w.org\/{rel}","templated":true}]}}