{"id":982,"date":"2008-04-01T17:13:54","date_gmt":"2008-04-01T16:13:54","guid":{"rendered":"http:\/\/www.photoethistoire.eu\/14-18\/?p=982"},"modified":"2016-05-20T09:08:10","modified_gmt":"2016-05-20T08:08:10","slug":"ferme-de-beausejour-f","status":"publish","type":"post","link":"https:\/\/www.photoethistoire.eu\/14-18\/2008\/04\/ferme-de-beausejour-f\/","title":{"rendered":"Ferme de Beaus\u00e9jour (F)"},"content":{"rendered":"<div class=\"image_block\">\n<p><img loading=\"lazy\" decoding=\"async\" class=\"aligncenter\" title=\"\" src=\"http:\/\/www.photoethistoire.eu\/blogs\/media\/blogs\/a\/cartesphotos\/beausejour.jpg\" alt=\"\" width=\"612\" height=\"393\" \/><\/p>\n<p>Carte envoy\u00e9e par un soldat \u00e0 sa marraine de guerre avec ces simples mots :<\/p>\n<\/div>\n<p><em>Souvenirs d&rsquo;amiti\u00e9 et remerciement \u00e0 ma bonne marraine<\/em><\/p>\n","protected":false},"excerpt":{"rendered":"<p>Carte envoy\u00e9e par un soldat \u00e0 sa marraine de guerre avec ces simples mots : Souvenirs d&rsquo;amiti\u00e9 et remerciement \u00e0 ma bonne marraine<\/p>\n","protected":false},"author":1,"featured_media":0,"comment_status":"closed","ping_status":"open","sticky":false,"template":"","format":"standard","meta":{"footnotes":""},"categories":[19],"tags":[],"class_list":["post-982","post","type-post","status-publish","format-standard","hentry","category-cartes"],"_links":{"self":[{"href":"https:\/\/www.photoethistoire.eu\/14-18\/wp-json\/wp\/v2\/posts\/982","targetHints":{"allow":["GET"]}}],"collection":[{"href":"https:\/\/www.photoethistoire.eu\/14-18\/wp-json\/wp\/v2\/posts"}],"about":[{"href":"https:\/\/www.photoethistoire.eu\/14-18\/wp-json\/wp\/v2\/types\/post"}],"author":[{"embeddable":true,"href":"https:\/\/www.photoethistoire.eu\/14-18\/wp-json\/wp\/v2\/users\/1"}],"replies":[{"embeddable":true,"href":"https:\/\/www.photoethistoire.eu\/14-18\/wp-json\/wp\/v2\/comments?post=982"}],"version-history":[{"count":1,"href":"https:\/\/www.photoethistoire.eu\/14-18\/wp-json\/wp\/v2\/posts\/982\/revisions"}],"predecessor-version":[{"id":983,"href":"https:\/\/www.photoethistoire.eu\/14-18\/wp-json\/wp\/v2\/posts\/982\/revisions\/983"}],"wp:attachment":[{"href":"https:\/\/www.photoethistoire.eu\/14-18\/wp-json\/wp\/v2\/media?parent=982"}],"wp:term":[{"taxonomy":"category","embeddable":true,"href":"https:\/\/www.photoethistoire.eu\/14-18\/wp-json\/wp\/v2\/categories?post=982"},{"taxonomy":"post_tag","embeddable":true,"href":"https:\/\/www.photoethistoire.eu\/14-18\/wp-json\/wp\/v2\/tags?post=982"}],"curies":[{"name":"wp","href":"https:\/\/api.w.org\/{rel}","templated":true}]}}