{"id":998,"date":"2008-03-15T10:37:20","date_gmt":"2008-03-15T09:37:20","guid":{"rendered":"http:\/\/www.photoethistoire.eu\/14-18\/?p=998"},"modified":"2016-05-20T09:08:10","modified_gmt":"2016-05-20T08:08:10","slug":"verdun-ouvrage-de-froideterre","status":"publish","type":"post","link":"https:\/\/www.photoethistoire.eu\/14-18\/2008\/03\/verdun-ouvrage-de-froideterre\/","title":{"rendered":"Verdun &#8211; Ouvrage de Froideterre"},"content":{"rendered":"<div class=\"image_block\">\n<div style=\"width: 576px\" class=\"wp-caption aligncenter\"><img loading=\"lazy\" decoding=\"async\" src=\"http:\/\/www.photoethistoire.eu\/blogs\/media\/blogs\/a\/\/autourfroideter.jpg\" alt=\"\" width=\"566\" height=\"425\" \/><p class=\"wp-caption-text\">Ces photos ont \u00e9t\u00e9 prises en 2006 et autour de l&rsquo;ouvrage le sol t\u00e9moigne toujours de la violence des combats<\/p><\/div>\n<p>&nbsp;<\/p>\n<\/div>\n<div class=\"image_block\">\n<div style=\"width: 530px\" class=\"wp-caption aligncenter\"><img loading=\"lazy\" decoding=\"async\" src=\"http:\/\/www.photoethistoire.eu\/blogs\/media\/blogs\/a\/\/tourobservatfroideter.jpg\" alt=\"\" width=\"520\" height=\"461\" \/><p class=\"wp-caption-text\">\u00c9mergeant \u00e0 peine du sol, une tour d&rsquo;observation.<\/p><\/div>\n<\/div>\n<div class=\"image_block\">\n<p>&nbsp;<\/p>\n<div style=\"width: 453px\" class=\"wp-caption aligncenter\"><img loading=\"lazy\" decoding=\"async\" src=\"http:\/\/www.photoethistoire.eu\/blogs\/media\/blogs\/a\/\/tourellefroideterre.jpg\" alt=\"\" width=\"443\" height=\"542\" \/><p class=\"wp-caption-text\">Une des deux tourelles de mitrailleuses&#8230;<\/p><\/div>\n<p>&nbsp;<\/p>\n<\/div>\n<div class=\"image_block\">\n<div style=\"width: 435px\" class=\"wp-caption aligncenter\"><img loading=\"lazy\" decoding=\"async\" src=\"http:\/\/www.photoethistoire.eu\/blogs\/media\/blogs\/a\/\/tourfroidintern.jpg\" alt=\"\" width=\"425\" height=\"566\" \/><p class=\"wp-caption-text\">&#8230;et dans les entrailles de l&rsquo;ouvrage, l&rsquo;int\u00e9rieur de l&rsquo;une d&rsquo;elles.<\/p><\/div>\n<p>&nbsp;<\/p>\n<\/div>\n<div class=\"image_block\">\n<div style=\"width: 576px\" class=\"wp-caption aligncenter\"><img loading=\"lazy\" decoding=\"async\" src=\"http:\/\/www.photoethistoire.eu\/blogs\/media\/blogs\/a\/\/froidtercasemate.jpg\" alt=\"\" width=\"566\" height=\"425\" \/><p class=\"wp-caption-text\">Dans la casemate, les vestiges d&rsquo;une chambre de tir<\/p><\/div>\n<p>&nbsp;<\/p>\n<\/div>\n<div class=\"image_block\">\n<div style=\"width: 576px\" class=\"wp-caption aligncenter\"><img loading=\"lazy\" decoding=\"async\" src=\"http:\/\/www.photoethistoire.eu\/blogs\/media\/blogs\/a\/\/froidterre1.jpg\" alt=\"\" width=\"566\" height=\"425\" \/><p class=\"wp-caption-text\">Vue d&rsquo;ensemble<\/p><\/div>\n<\/div>\n","protected":false},"excerpt":{"rendered":"<p>&nbsp; &nbsp; &nbsp; &nbsp; &nbsp;<\/p>\n","protected":false},"author":1,"featured_media":0,"comment_status":"closed","ping_status":"open","sticky":false,"template":"","format":"standard","meta":{"footnotes":""},"categories":[1],"tags":[],"class_list":["post-998","post","type-post","status-publish","format-standard","hentry","category-chemins"],"_links":{"self":[{"href":"https:\/\/www.photoethistoire.eu\/14-18\/wp-json\/wp\/v2\/posts\/998","targetHints":{"allow":["GET"]}}],"collection":[{"href":"https:\/\/www.photoethistoire.eu\/14-18\/wp-json\/wp\/v2\/posts"}],"about":[{"href":"https:\/\/www.photoethistoire.eu\/14-18\/wp-json\/wp\/v2\/types\/post"}],"author":[{"embeddable":true,"href":"https:\/\/www.photoethistoire.eu\/14-18\/wp-json\/wp\/v2\/users\/1"}],"replies":[{"embeddable":true,"href":"https:\/\/www.photoethistoire.eu\/14-18\/wp-json\/wp\/v2\/comments?post=998"}],"version-history":[{"count":6,"href":"https:\/\/www.photoethistoire.eu\/14-18\/wp-json\/wp\/v2\/posts\/998\/revisions"}],"predecessor-version":[{"id":1004,"href":"https:\/\/www.photoethistoire.eu\/14-18\/wp-json\/wp\/v2\/posts\/998\/revisions\/1004"}],"wp:attachment":[{"href":"https:\/\/www.photoethistoire.eu\/14-18\/wp-json\/wp\/v2\/media?parent=998"}],"wp:term":[{"taxonomy":"category","embeddable":true,"href":"https:\/\/www.photoethistoire.eu\/14-18\/wp-json\/wp\/v2\/categories?post=998"},{"taxonomy":"post_tag","embeddable":true,"href":"https:\/\/www.photoethistoire.eu\/14-18\/wp-json\/wp\/v2\/tags?post=998"}],"curies":[{"name":"wp","href":"https:\/\/api.w.org\/{rel}","templated":true}]}}